{"id":2315,"date":"2020-03-20T17:55:00","date_gmt":"2020-03-20T16:55:00","guid":{"rendered":"http:\/\/johannes-schuetzen.de\/?p=2315"},"modified":"2024-06-10T12:38:01","modified_gmt":"2024-06-10T10:38:01","slug":"aktuelle-informationen","status":"publish","type":"post","link":"https:\/\/johannes-schuetzen.de\/?p=2315","title":{"rendered":"Aktuelle Informationen zur Situation w\u00e4hrend der Pandemie"},"content":{"rendered":"\n<p>Liebe Sch\u00fctzenschwestern und Sch\u00fctzenbr\u00fcder der St. Johannes Sch\u00fctzengesellschaft 1662 Cl\u00f6rath-Vennheide e.V.<\/p>\n\n\n\n<p>Die letzten Tage waren turbulent und ereignisreich und nat\u00fcrlich ist auch das Sch\u00fctzenwesen als Gemeinwesen von der aktuellen Situation betroffen. Zu schnell verbreitete Informationen sind dabei nicht f\u00f6rderlich. Beispielhaft wollen wir das Schreiben des Bezirksverband Schwalmtal-Br\u00fcggen nennen, welches zu Irritationen f\u00fchrte.<\/p>\n\n\n\n<p>Als Vorstand der St. Johannes Sch\u00fctzengesellschaft 1662 Cl\u00f6rath-Vennheide e.V. m\u00f6chten wir folgenden Sachstand an Euch weitergeben:<\/p>\n\n\n\n<p>&#8211; die Genehmigung\/Nicht-Genehmigung eines Sch\u00fctzenfestes wird durch die zust\u00e4ndige Kommune und NICHT durch den Kreis erteilt &#8211; es gibt au\u00dfer dem Erlass des Ministerpr\u00e4sidenten aktuell KEINE weiteren Verbote durch den Kreis Viersen &#8211; eine Absage des Sch\u00fctzenfestes durch den Vorstand ist zum jetzigen Zeitpunkt nicht sinnvoll und sollte nur vorgenommen werden, wenn es ordnungsbeh\u00f6rdlich untersagt wird.<\/p>\n\n\n\n<p>Dies ist aktuell nicht der Fall. Der Antrag wurde schon vor l\u00e4ngerer Zeit gestellt und wird verst\u00e4ndlicherweise zur Zeit nicht bearbeitet &#8211; eine Absage Monate im Voraus ohne Beurteilung der zuk\u00fcnftigen Lage w\u00e4re fahrl\u00e4ssig und ist durch den Vorstand auch nicht vorgesehen. Deshalb bleiben wir zun\u00e4chst beim besprochenen Planungsablauf des Sch\u00fctzenfestes 2020.<\/p>\n\n\n\n<p>Liebe Sch\u00fctzenschwestern und Sch\u00fctzenbr\u00fcder, lasst uns besonnen mit der Situation umgehen und jede Information sorgsam hinterfragen. Wir werden die Lage regelm\u00e4\u00dfig in Vorstandsgespr\u00e4chen (nat\u00fcrlich als Telefonkonferenz) beurteilen und \u00fcber Veranstaltungen, die zeitlich noch vor unserem Sch\u00fctzenfest liegen (erweiterte Vorstandssitzung, Pokalschie\u00dfen, Rosenbinden, Seniorentag, etc.) zu gegebener Zeit beraten. Wir halten euch diesbez\u00fcglich selbstverst\u00e4ndlich auf dem Laufenden.<\/p>\n\n\n\n<p>Zum Schluss noch ein Appell an alle Sch\u00fctzinnen und Sch\u00fctzen: Wir m\u00f6chten Euch bitten in diesen Zeiten den Geist des Sch\u00fctzenwesens zu leben. Das wir alle feiern k\u00f6nnen, haben wir hinl\u00e4nglich bewiesen. Jetzt sollten wir zeigen, dass wir uns auch k\u00fcmmern k\u00f6nnen. Jeder sollte \u00fcberlegen, ob es Sch\u00fctzen, Nachbarn, Freunde oder Bekannte gibt, denen wir unter Arme greifen k\u00f6nnen. Denen, die der Hilfe bed\u00fcrfen zu helfen, ist der historische Sinn des Sch\u00fctzenwesens.<\/p>\n\n\n\n<p>Bleibt alle gesund.<\/p>\n\n\n\n<p>Mit kameradschaftlichen Sch\u00fctzengru\u00df<\/p>\n\n\n\n<p>Euer Vorstand<\/p>\n\n\n\n<p><\/p>\n\n\n\n<p><\/p>\n\n\n\n<p><\/p>\n\n\n\n<p><\/p>\n\n\n\n<p><\/p>\n\n\n\n<p><\/p>\n\n\n\n<p><\/p>\n","protected":false},"excerpt":{"rendered":"<p>Liebe Sch\u00fctzenschwestern und Sch\u00fctzenbr\u00fcder der St. Johannes Sch\u00fctzengesellschaft 1662 Cl\u00f6rath-Vennheide e.V. Die letzten Tage waren turbulent und ereignisreich und nat\u00fcrlich ist auch das Sch\u00fctzenwesen als Gemeinwesen von der aktuellen Situation betroffen. Zu schnell verbreitete Informationen sind dabei nicht f\u00f6rderlich. Beispielhaft wollen wir das Schreiben des Bezirksverband Schwalmtal-Br\u00fcggen nennen, welches zu Irritationen f\u00fchrte. Als Vorstand der<\/p><\/div>\n<div class=\"blog-btn\"><a href=\"https:\/\/johannes-schuetzen.de\/?p=2315\" class=\"home-blog-btn\">Weiterlesen<\/a><\/p>\n","protected":false},"author":3,"featured_media":2463,"comment_status":"open","ping_status":"open","sticky":false,"template":"","format":"standard","meta":{"footnotes":""},"categories":[3],"tags":[],"class_list":["post-2315","post","type-post","status-publish","format-standard","has-post-thumbnail","hentry","category-verein"],"_links":{"self":[{"href":"https:\/\/johannes-schuetzen.de\/index.php?rest_route=\/wp\/v2\/posts\/2315","targetHints":{"allow":["GET"]}}],"collection":[{"href":"https:\/\/johannes-schuetzen.de\/index.php?rest_route=\/wp\/v2\/posts"}],"about":[{"href":"https:\/\/johannes-schuetzen.de\/index.php?rest_route=\/wp\/v2\/types\/post"}],"author":[{"embeddable":true,"href":"https:\/\/johannes-schuetzen.de\/index.php?rest_route=\/wp\/v2\/users\/3"}],"replies":[{"embeddable":true,"href":"https:\/\/johannes-schuetzen.de\/index.php?rest_route=%2Fwp%2Fv2%2Fcomments&post=2315"}],"version-history":[{"count":5,"href":"https:\/\/johannes-schuetzen.de\/index.php?rest_route=\/wp\/v2\/posts\/2315\/revisions"}],"predecessor-version":[{"id":2390,"href":"https:\/\/johannes-schuetzen.de\/index.php?rest_route=\/wp\/v2\/posts\/2315\/revisions\/2390"}],"wp:featuredmedia":[{"embeddable":true,"href":"https:\/\/johannes-schuetzen.de\/index.php?rest_route=\/wp\/v2\/media\/2463"}],"wp:attachment":[{"href":"https:\/\/johannes-schuetzen.de\/index.php?rest_route=%2Fwp%2Fv2%2Fmedia&parent=2315"}],"wp:term":[{"taxonomy":"category","embeddable":true,"href":"https:\/\/johannes-schuetzen.de\/index.php?rest_route=%2Fwp%2Fv2%2Fcategories&post=2315"},{"taxonomy":"post_tag","embeddable":true,"href":"https:\/\/johannes-schuetzen.de\/index.php?rest_route=%2Fwp%2Fv2%2Ftags&post=2315"}],"curies":[{"name":"wp","href":"https:\/\/api.w.org\/{rel}","templated":true}]}}